{"id":1589,"date":"2023-03-21T10:02:23","date_gmt":"2023-03-21T01:02:23","guid":{"rendered":"https:\/\/kobe-rokko.jp\/cms\/de\/?p=1589"},"modified":"2023-03-26T12:37:47","modified_gmt":"2023-03-26T03:37:47","slug":"das-botanical-fair-am-rokkotreffen-sie-dr-makino-den-vater-der-japanischen-botanik","status":"publish","type":"post","link":"https:\/\/kobe-rokko.jp\/de\/events\/1589\/","title":{"rendered":"Das Botanical Fair am Rokko<br>Treffen Sie Dr. Makino, den &#8220;Vater der japanischen Botanik&#8221;"},"content":{"rendered":"<p><img loading=\"lazy\" decoding=\"async\" class=\"alignnone size-full wp-image-4381\" src=\"https:\/\/kobe-rokko.jp\/wp-content\/uploads\/2023\/03\/IMG_4431-2.jpg\" alt=\"\" width=\"800\" height=\"532\" \/><br \/>\nTage, an denen Sie schon die Fr\u00fchlingsw\u00e4rme sp\u00fcren k\u00f6nnen, werden nun immer h\u00e4ufiger. Die Bl\u00fctezeit steht direkt bevor!<br \/>\nDas Botanical Fair am Rokko wird vom Rokko Morinone Museum und dem Rokko Alpinen Botanischen Garten gemeinsam durchgef\u00fchrt.<\/p>\n<p><strong>\u25a0\u00a0Rokko Morinone Museum<\/strong><br \/>\n\u3010Tomitaro Makino&#8217;s Bummelei \u2014 Musik, Kalligraphie, Austausch mit Menschen\u3011<br \/>\nSamstag, 18. M\u00e4rz bis Sonntag, 2. Juli<br \/>\n<a title=\"https:\/\/www.rokkosan.com\/top\/season_event\/art\/19242\/\" href=\"https:\/\/www.rokkosan.com\/top\/season_event\/art\/19242\/\" target=\"_blank\" rel=\"noopener\">https:\/\/www.rokkosan.com\/top\/season_event\/art\/19242\/<\/a>(Japanisch)<br \/>\n<img loading=\"lazy\" decoding=\"async\" class=\"alignnone size-full wp-image-4389\" src=\"https:\/\/kobe-rokko.jp\/wp-content\/uploads\/2023\/03\/IMG_4259.jpg\" alt=\"\" width=\"800\" height=\"533\" \/><br \/>\nBesondere Exponate, die Dr. Makinos Pers\u00f6nlichkeit und Verdienste darstellen, finden sich \u00fcberall in der Einrichtung.<br \/>\n<img loading=\"lazy\" decoding=\"async\" class=\"alignnone size-full wp-image-4392\" src=\"https:\/\/kobe-rokko.jp\/wp-content\/uploads\/2023\/03\/IMG_4293-1.jpg\" alt=\"\" width=\"800\" height=\"533\" \/><br \/>\nVerpassen Sie auch nicht die Gelegenheit, den Fr\u00fchlingsbeginn im SIKI Garden zu feiern.<\/p>\n<p>\u25a0<strong>Rokko Alpine Botanical Garden<\/strong><br \/>\nSonderprojekt anl\u00e4sslich des 90-j\u00e4hrigen Jubil\u00e4ums der Parker\u00f6ffnung<br \/>\n\u3010Auf den Spuren des Dr. Makino \u2014 ein Doktor und die Botanik in Kobe\u3011<br \/>\nSamstag, 18. M\u00e4rz bis Sonntag, 2. Juli<br \/>\n<a title=\"https:\/\/www.rokkosan.com\/top\/season_event\/art\/19024\/?lang=de\" href=\"https:\/\/www.rokkosan.com\/top\/season_event\/art\/19024\/?lang=de\" target=\"_blank\" rel=\"noopener\">https:\/\/www.rokkosan.com\/top\/season_event\/art\/19024\/?lang=de<\/a><br \/>\n<img loading=\"lazy\" decoding=\"async\" class=\"alignnone size-full wp-image-4375\" src=\"https:\/\/kobe-rokko.jp\/wp-content\/uploads\/2023\/03\/IMG_4363.jpg\" alt=\"\" width=\"800\" height=\"533\" \/><br \/>\nLernen Sie bisher unbekannte Seiten des Dr. Makino kennen.<br \/>\n<img loading=\"lazy\" decoding=\"async\" class=\"alignnone size-full wp-image-4377\" src=\"https:\/\/kobe-rokko.jp\/wp-content\/uploads\/2023\/03\/IMG_4382.jpg\" alt=\"\" width=\"800\" height=\"533\" \/><br \/>\nEine Ausstellung von Fotographien, Kalligraphie, Briefen und Bildern, welche die Spuren des Dr. Makino in Kobe zeigt.<br \/>\n<img loading=\"lazy\" decoding=\"async\" class=\"alignnone size-full wp-image-4380\" src=\"https:\/\/kobe-rokko.jp\/wp-content\/uploads\/2023\/03\/IMG_4420.jpg\" alt=\"\" width=\"800\" height=\"533\" \/><br \/>\nErleben Sie die Faszination des botanischen, wenn der Fr\u00fchling am Berg Rokko ankommt!<\/p>\n<p><strong>Einen ausf\u00fchrlichen Beitrag finden Sie hier<br \/>\n<\/strong><a title=\"https:\/\/kobe-rokko.jp\/en\/events\/1832\/\" href=\"https:\/\/kobe-rokko.jp\/en\/events\/1832\/\" target=\"_blank\" rel=\"noopener\">https:\/\/kobe-rokko.jp\/en\/events\/1832\/<\/a>(Englisch\uff09<\/p>\n","protected":false},"excerpt":{"rendered":"<p>Tage, an denen Sie schon die Fr\u00fchlingsw\u00e4rme sp\u00fcren k\u00f6nnen, werden nun immer h\u00e4ufiger. Die Bl\u00fctezeit steht direkt bevor! Das Botanical Fair am Rokko wird vom Rokko Morinone Museum und dem Rokko Alpinen Botanischen Garten gemeinsam durchgef\u00fchrt. \u25a0\u00a0Rokko Morinone Museum \u3010Tomitaro\u2026<\/p>\n","protected":false},"author":4,"featured_media":1591,"comment_status":"open","ping_status":"closed","sticky":false,"template":"","format":"standard","meta":{"footnotes":""},"categories":[2],"tags":[],"class_list":["post-1589","post","type-post","status-publish","format-standard","has-post-thumbnail","hentry","category-events"],"aioseo_notices":[],"_links":{"self":[{"href":"https:\/\/kobe-rokko.jp\/de\/wp-json\/wp\/v2\/posts\/1589","targetHints":{"allow":["GET"]}}],"collection":[{"href":"https:\/\/kobe-rokko.jp\/de\/wp-json\/wp\/v2\/posts"}],"about":[{"href":"https:\/\/kobe-rokko.jp\/de\/wp-json\/wp\/v2\/types\/post"}],"author":[{"embeddable":true,"href":"https:\/\/kobe-rokko.jp\/de\/wp-json\/wp\/v2\/users\/4"}],"replies":[{"embeddable":true,"href":"https:\/\/kobe-rokko.jp\/de\/wp-json\/wp\/v2\/comments?post=1589"}],"version-history":[{"count":3,"href":"https:\/\/kobe-rokko.jp\/de\/wp-json\/wp\/v2\/posts\/1589\/revisions"}],"predecessor-version":[{"id":1594,"href":"https:\/\/kobe-rokko.jp\/de\/wp-json\/wp\/v2\/posts\/1589\/revisions\/1594"}],"wp:featuredmedia":[{"embeddable":true,"href":"https:\/\/kobe-rokko.jp\/de\/wp-json\/wp\/v2\/media\/1591"}],"wp:attachment":[{"href":"https:\/\/kobe-rokko.jp\/de\/wp-json\/wp\/v2\/media?parent=1589"}],"wp:term":[{"taxonomy":"category","embeddable":true,"href":"https:\/\/kobe-rokko.jp\/de\/wp-json\/wp\/v2\/categories?post=1589"},{"taxonomy":"post_tag","embeddable":true,"href":"https:\/\/kobe-rokko.jp\/de\/wp-json\/wp\/v2\/tags?post=1589"}],"curies":[{"name":"wp","href":"https:\/\/api.w.org\/{rel}","templated":true}]}}